{"id":444,"date":"2024-05-28T11:36:16","date_gmt":"2024-05-28T11:36:16","guid":{"rendered":"https:\/\/secrural.ffzg.unizg.hr\/?p=444"},"modified":"2024-05-28T11:36:50","modified_gmt":"2024-05-28T11:36:50","slug":"radio-interview-roundtable-discussion-on-social-resilience-in-croatian-rural-areas","status":"publish","type":"post","link":"https:\/\/secrural.ffzg.unizg.hr\/index.php\/2024\/05\/28\/radio-interview-roundtable-discussion-on-social-resilience-in-croatian-rural-areas\/","title":{"rendered":"Radio interview: Roundtable discussion on social resilience in Croatian rural areas"},"content":{"rendered":"\n<p>Asistenti na projektu Bruno \u0160imac i Vladimir Ivanovi\u0107 gostovali su u emisiji Tre\u0107eg programa Hrvatskoga radija &#8211; Okrugli stol ponedjeljkom gdje su prezentirali detalje o SECRURAL projektu kao i o klju\u010dnim nalazima vezanim za kvalitetu \u017eivota i dru\u0161tvenu otpornost hrvatskih ruralnih podru\u010dja. Snimka emisije dostupna je putem poveznice: <a rel=\"noreferrer noopener\" href=\"https:\/\/l.facebook.com\/l.php?u=https%3A%2F%2Fradio.hrt.hr%2Fslusaonica%2Fokrugli-stol-ponedjeljkom%3Ffbclid%3DIwZXh0bgNhZW0CMTAAAR1SyLvZOzFlo3qnWUc8RUgUTRc2edN2jY7dsIdC8io4OCC2ZpPDKYVcZto_aem_AZLN0F8L1Gq1XJmd73u2eGp_yV4liQMiM29QsAVILCXuaz0uvMYZjA-XF1Y0mEVUB1DHAEHBQGhAMGCPDTx0cOJ8&amp;h=AT18jPPi27KtbMqlGBdUDrHznqz3ejrlDOxdqtVPaJ3p8NY7IW_sVaYv6P5AKpY3dkLn9dSSIGKDq7FY3_p8VxyMte17rgW4VtjhpIYkjMfWIktvf_0yUHFjOVWXzgb7xw&amp;__tn__=-UK-y-R&amp;c[0]=AT1QDi_nzW-5hrVoGADH7lOfEFQz0uNnpRnGro3Hw_gt1yMaUZaVH2MuZzCv8UYL0b8JTK8YcsvIAgrQTY9dWwQ6rvrsgJCzNRtQiLi7YmIi6zIiuMHnhGrCNfFND2KXt_nc8UhLoi2yePLza-U9FBJ7W-1pvAj4snbLyZ0gFbUbOvEpJ3dJjRDIqAi8gzg91-1XzoWmY02_OljF6hgq7uQJfidD8uhpruDsGAnhA-501LuBHuOR7f3WQsQxyp7uQqH_qoUi3klIuE1m20XF\" target=\"_blank\">https:\/\/radio.hrt.hr\/slusaonica\/okrugli-stol-ponedjeljkom<\/a>. Slu\u0161amo se!<\/p>\n","protected":false},"excerpt":{"rendered":"<p>Asistenti na projektu Bruno \u0160imac i Vladimir Ivanovi\u0107 gostovali su u emisiji Tre\u0107eg programa Hrvatskoga radija &#8211; Okrugli stol ponedjeljkom gdje su prezentirali detalje o SECRURAL projektu kao i o klju\u010dnim nalazima vezanim za kvalitetu \u017eivota i dru\u0161tvenu otpornost hrvatskih &hellip; <a href=\"https:\/\/secrural.ffzg.unizg.hr\/index.php\/2024\/05\/28\/radio-interview-roundtable-discussion-on-social-resilience-in-croatian-rural-areas\/\">Continue reading <span class=\"meta-nav\">&rarr;<\/span><\/a><\/p>\n","protected":false},"author":1,"featured_media":0,"comment_status":"closed","ping_status":"open","sticky":false,"template":"","format":"standard","meta":{"footnotes":""},"categories":[7],"tags":[],"class_list":["post-444","post","type-post","status-publish","format-standard","hentry","category-popularization"],"_links":{"self":[{"href":"https:\/\/secrural.ffzg.unizg.hr\/index.php\/wp-json\/wp\/v2\/posts\/444","targetHints":{"allow":["GET"]}}],"collection":[{"href":"https:\/\/secrural.ffzg.unizg.hr\/index.php\/wp-json\/wp\/v2\/posts"}],"about":[{"href":"https:\/\/secrural.ffzg.unizg.hr\/index.php\/wp-json\/wp\/v2\/types\/post"}],"author":[{"embeddable":true,"href":"https:\/\/secrural.ffzg.unizg.hr\/index.php\/wp-json\/wp\/v2\/users\/1"}],"replies":[{"embeddable":true,"href":"https:\/\/secrural.ffzg.unizg.hr\/index.php\/wp-json\/wp\/v2\/comments?post=444"}],"version-history":[{"count":1,"href":"https:\/\/secrural.ffzg.unizg.hr\/index.php\/wp-json\/wp\/v2\/posts\/444\/revisions"}],"predecessor-version":[{"id":445,"href":"https:\/\/secrural.ffzg.unizg.hr\/index.php\/wp-json\/wp\/v2\/posts\/444\/revisions\/445"}],"wp:attachment":[{"href":"https:\/\/secrural.ffzg.unizg.hr\/index.php\/wp-json\/wp\/v2\/media?parent=444"}],"wp:term":[{"taxonomy":"category","embeddable":true,"href":"https:\/\/secrural.ffzg.unizg.hr\/index.php\/wp-json\/wp\/v2\/categories?post=444"},{"taxonomy":"post_tag","embeddable":true,"href":"https:\/\/secrural.ffzg.unizg.hr\/index.php\/wp-json\/wp\/v2\/tags?post=444"}],"curies":[{"name":"wp","href":"https:\/\/api.w.org\/{rel}","templated":true}]}}