{"id":421,"date":"2023-11-01T19:15:08","date_gmt":"2023-11-01T19:15:08","guid":{"rendered":"https:\/\/secrural.ffzg.unizg.hr\/?p=421"},"modified":"2023-11-01T19:17:07","modified_gmt":"2023-11-01T19:17:07","slug":"about-secrural-scientific-seminar","status":"publish","type":"post","link":"https:\/\/secrural.ffzg.unizg.hr\/index.php\/2023\/11\/01\/about-secrural-scientific-seminar\/","title":{"rendered":"SECRURAL scientific seminar 8-10\/11\/2023"},"content":{"rendered":"\n<p>Po\u0161tovane kolegice i kolege,<br><br>ovim Vas putem toplo pozivamo na sudjelovanje u znanstvenom seminaru&nbsp;<strong>\u201eSECRURAL scientific seminar: Social ecology in theory and practice\u201c<\/strong>, koji \u0107e se odr\u017eati<strong>&nbsp;<\/strong>08.-10. 11. 2023., u Zagrebu, u prostoru&nbsp;<em>Sveu\u010dili\u0161nog centra za bioetiku<\/em>, Ivana Lu\u010di\u0107a 1a (zgrada lijevo tik uz Filozofski fakultet u Zagrebu). &nbsp;<\/p>\n\n\n\n<p>Znanstveni seminar organiziraju \u010dlanovi&nbsp;<em>Uspostavnog znanstveno-istra\u017eiva\u010dkog projekta \u201eSocijalno-ekolo\u0161ki izazovi ruralnog razvoja &#8211; SECRURAL\u201c<\/em>&nbsp;(UIP-2019-04-5257), kojeg financira&nbsp;<em>Hrvatska zaklada za znanost<\/em>, a koji se izvodi pri&nbsp;<em>Katedri za socijalnu ekologiju, Odsjeku za sociologiju Filozofskog fakulteta, Sveu\u010dili\u0161te u Zagrebu<\/em>, u suradnji s&nbsp;<em>ISOE \u2013 Institutom za socijalno-ekolo\u0161ka istra\u017eivanja, Frankfurt, Njema\u010dka<\/em>&nbsp;i&nbsp;<em>Znanstveno-istra\u017eiva\u010dkom grupom&nbsp;<\/em><em>regulate<\/em>&nbsp;te&nbsp;<em>Sveu\u010dili\u0161nim centrom za integrativnu bioetiku Sveu\u010dili\u0161ta u Zagrebu<\/em>&nbsp;i&nbsp;<em>Znanstvenim centrom izvrsnosti za integrativnu bioetiku<\/em>. &nbsp;<\/p>\n\n\n\n<p>Cilj je predstaviti teorijske i empirijske spoznaje navedenih znanstveno-istra\u017eiva\u010dkih projekata i omogu\u0107iti interdisciplinarnu razmjenu doma\u0107ih i stranih stru\u010dnjaka, studenata te akademske i \u0161ire javnosti o primjeni najnovijih konceptualnih pristupa i istra\u017eiva\u010dkih metoda iz podru\u010dja socijalne ekologije, u svrhu boljeg razumijevanja globalnih i lokalnih dru\u0161tvenih i ekolo\u0161kih promjena kroz koje prolazi dru\u0161tvo, a posebice njegovi najranjiviji segmenti. Nada je da \u0107e rezultati ovakvih znanstvenih projekata i skupova poslu\u017eiti kao poticaj izradi informiranijih i u\u010dinkovitijih razvojnih politika i strategija pobolj\u0161anja kvalitete \u017eivota i ja\u010danja otpornosti stanovni\u0161tva u no\u0161enju sa suvremenim socijalno-ekolo\u0161kim izazovima.&nbsp;&nbsp; &nbsp;<\/p>\n\n\n\n<p><strong>Prvi dan skupa odr\u017eat \u0107e se u srijedu 8. 11. 2023.&nbsp;<\/strong>te uklju\u010duje tri dijela s pauzama za kavu i ru\u010dak: prvi dio &#8211; uvodna izlaganja gostuju\u0107ih predava\u010dica s Instituta za socijalno-ekolo\u0161ka istra\u017eivanja, Frankfurt, Njema\u010dka \u2013 dr. sc. Fanny Fanny Frick-Trzebitzky i D\u017eeneta Hod\u017ei\u0107, mag.; drugi dio \u2013 \u201eSocial-ecological discipline and approaches\u201c; i tre\u0107i dio \u2013 \u201eSocial-ecological research and applications\u201c. &nbsp;&nbsp;<\/p>\n\n\n\n<p><strong>Drugi dan skupa odr\u017eat \u0107e se u \u010detvrtak 9. 11. 2023.<\/strong> te uklju\u010duje dvije metodolo\u0161ke radionice: \u201eTransdisciplinary research methods: Towards an integrative perspective\u201c (Dr. Fanny Frick-Trzebitzky i D\u017eeneta Hod\u017ei\u0107, MA); i \u201eMicro-sociological approaches in social-ecological research\u201c (izv. prof. dr. sc. Tijana Trako Poljak).<\/p>\n\n\n\n<p>Tre\u0107i dan skupa predvi\u0111en je za terenski rad i projektne sastanke. &nbsp;<\/p>\n\n\n\n<p>Detaljan&nbsp;<strong>Program<\/strong>&nbsp;i&nbsp;<strong>Knji\u017eicu sa\u017eetaka<\/strong>&nbsp;\u0161aljemo u prilogu ovog Poziva. &nbsp;&nbsp;<\/p>\n\n\n\n<p><strong>Registracija za pojedine aktivnosti prvog dana skupa je potrebna zbog ograni\u010denog mjesta<\/strong>&nbsp;pa Vas ljubazno molimo da se na sljede\u0107oj poveznici upi\u0161ete za one aktivnosti na kojima planirate sudjelovati:&nbsp;<a href=\"https:\/\/forms.gle\/zEA2SsqqXNfJa4Bf9\"><strong>https:\/\/forms.gle\/zEA2SsqqXNfJa4Bf9<\/strong><\/a><\/p>\n\n\n\n<p><strong>Ukoliko drugi dan skupa \u017eelite sudjelovati na nekoj ili obje metodolo\u0161ke radionice<\/strong>, molimo da se za provjeru ima li jo\u0161 slobodnih mjesta javite na: <a href=\"mailto:secrural@ffzg.hr\"><strong>secrural@ffzg.hr<\/strong><\/a>.&nbsp; &nbsp;<\/p>\n\n\n\n<p>Sve se aktivnosti odr\u017eavaju na engleskom jeziku.&nbsp;<\/p>\n\n\n\n<p>Veselimo se Va\u0161em sudjelovanju i razmjeni socijalno-ekolo\u0161kih ideja!&nbsp;<\/p>\n\n\n\n<p><\/p>\n\n\n\n<p class=\"has-medium-font-size\"><strong>Programme<\/strong><\/p>\n\n\n\n<div data-wp-interactive=\"core\/file\" class=\"wp-block-file\"><object data-wp-bind--hidden=\"!state.hasPdfPreview\" hidden class=\"wp-block-file__embed\" data=\"https:\/\/secrural.ffzg.unizg.hr\/wp-content\/uploads\/2023\/11\/FINAL_SECRURAL-seminar_Programme_Nov-8-10-2023-1.pdf\" type=\"application\/pdf\" style=\"width:100%;height:600px\" aria-label=\"Embed of Embed of FINAL_SECRURAL-seminar_Programme_Nov-8-10-2023-1..\"><\/object><a id=\"wp-block-file--media-5dc4c8d1-c54c-462f-a017-2c6275a03a5d\" href=\"https:\/\/secrural.ffzg.unizg.hr\/wp-content\/uploads\/2023\/11\/FINAL_SECRURAL-seminar_Programme_Nov-8-10-2023-1.pdf\">FINAL_SECRURAL-seminar_Programme_Nov-8-10-2023-1<\/a><a href=\"https:\/\/secrural.ffzg.unizg.hr\/wp-content\/uploads\/2023\/11\/FINAL_SECRURAL-seminar_Programme_Nov-8-10-2023-1.pdf\" class=\"wp-block-file__button\" download aria-describedby=\"wp-block-file--media-5dc4c8d1-c54c-462f-a017-2c6275a03a5d\">Download<\/a><\/div>\n\n\n\n<p><\/p>\n\n\n\n<p class=\"has-medium-font-size\"><strong>Book of abstracts<\/strong><\/p>\n\n\n\n<div data-wp-interactive=\"core\/file\" class=\"wp-block-file\"><object data-wp-bind--hidden=\"!state.hasPdfPreview\" hidden class=\"wp-block-file__embed\" data=\"https:\/\/secrural.ffzg.unizg.hr\/wp-content\/uploads\/2023\/11\/FINAL_SECRURAL-seminar_BookofAbstracts_Nov-8-10-2023-1.pdf\" type=\"application\/pdf\" style=\"width:100%;height:600px\" aria-label=\"Embed of Embed of FINAL_SECRURAL-seminar_BookofAbstracts_Nov-8-10-2023-1..\"><\/object><a id=\"wp-block-file--media-fc4cedf1-d822-4519-9caa-4503b764c440\" href=\"https:\/\/secrural.ffzg.unizg.hr\/wp-content\/uploads\/2023\/11\/FINAL_SECRURAL-seminar_BookofAbstracts_Nov-8-10-2023-1.pdf\">FINAL_SECRURAL-seminar_BookofAbstracts_Nov-8-10-2023-1<\/a><a href=\"https:\/\/secrural.ffzg.unizg.hr\/wp-content\/uploads\/2023\/11\/FINAL_SECRURAL-seminar_BookofAbstracts_Nov-8-10-2023-1.pdf\" class=\"wp-block-file__button\" download aria-describedby=\"wp-block-file--media-fc4cedf1-d822-4519-9caa-4503b764c440\">Download<\/a><\/div>\n\n\n\n<p><\/p>\n","protected":false},"excerpt":{"rendered":"<p>Po\u0161tovane kolegice i kolege, ovim Vas putem toplo pozivamo na sudjelovanje u znanstvenom seminaru&nbsp;\u201eSECRURAL scientific seminar: Social ecology in theory and practice\u201c, koji \u0107e se odr\u017eati&nbsp;08.-10. 11. 2023., u Zagrebu, u prostoru&nbsp;Sveu\u010dili\u0161nog centra za bioetiku, Ivana Lu\u010di\u0107a 1a (zgrada lijevo &hellip; <a href=\"https:\/\/secrural.ffzg.unizg.hr\/index.php\/2023\/11\/01\/about-secrural-scientific-seminar\/\">Continue reading <span class=\"meta-nav\">&rarr;<\/span><\/a><\/p>\n","protected":false},"author":2,"featured_media":0,"comment_status":"closed","ping_status":"open","sticky":false,"template":"","format":"standard","meta":{"footnotes":""},"categories":[10],"tags":[],"class_list":["post-421","post","type-post","status-publish","format-standard","hentry","category-about-secrural-scientific-seminar"],"_links":{"self":[{"href":"https:\/\/secrural.ffzg.unizg.hr\/index.php\/wp-json\/wp\/v2\/posts\/421","targetHints":{"allow":["GET"]}}],"collection":[{"href":"https:\/\/secrural.ffzg.unizg.hr\/index.php\/wp-json\/wp\/v2\/posts"}],"about":[{"href":"https:\/\/secrural.ffzg.unizg.hr\/index.php\/wp-json\/wp\/v2\/types\/post"}],"author":[{"embeddable":true,"href":"https:\/\/secrural.ffzg.unizg.hr\/index.php\/wp-json\/wp\/v2\/users\/2"}],"replies":[{"embeddable":true,"href":"https:\/\/secrural.ffzg.unizg.hr\/index.php\/wp-json\/wp\/v2\/comments?post=421"}],"version-history":[{"count":2,"href":"https:\/\/secrural.ffzg.unizg.hr\/index.php\/wp-json\/wp\/v2\/posts\/421\/revisions"}],"predecessor-version":[{"id":425,"href":"https:\/\/secrural.ffzg.unizg.hr\/index.php\/wp-json\/wp\/v2\/posts\/421\/revisions\/425"}],"wp:attachment":[{"href":"https:\/\/secrural.ffzg.unizg.hr\/index.php\/wp-json\/wp\/v2\/media?parent=421"}],"wp:term":[{"taxonomy":"category","embeddable":true,"href":"https:\/\/secrural.ffzg.unizg.hr\/index.php\/wp-json\/wp\/v2\/categories?post=421"},{"taxonomy":"post_tag","embeddable":true,"href":"https:\/\/secrural.ffzg.unizg.hr\/index.php\/wp-json\/wp\/v2\/tags?post=421"}],"curies":[{"name":"wp","href":"https:\/\/api.w.org\/{rel}","templated":true}]}}