{"id":336,"date":"2022-04-01T17:46:36","date_gmt":"2022-04-01T17:46:36","guid":{"rendered":"https:\/\/secrural.ffzg.unizg.hr\/?p=336"},"modified":"2022-04-01T17:46:36","modified_gmt":"2022-04-01T17:46:36","slug":"zlatar-gamberozic-j-ursic-s-vukic-j-2021-socio-prostorni-pristup-definiranju-i-istrazivanju-otpornosti-i-odrzivosti-socio-spatial-approach-to-defining-and-researching-resilience-and-susta","status":"publish","type":"post","link":"https:\/\/secrural.ffzg.unizg.hr\/index.php\/2022\/04\/01\/zlatar-gamberozic-j-ursic-s-vukic-j-2021-socio-prostorni-pristup-definiranju-i-istrazivanju-otpornosti-i-odrzivosti-socio-spatial-approach-to-defining-and-researching-resilience-and-susta\/","title":{"rendered":"Zlatar Gambero\u017ei\u0107, J., Ursi\u0107, S. &#038; Vuki\u0107, J. (2021). Socio-prostorni pristup definiranju i istra\u017eivanju otpornosti i odr\u017eivosti (Socio-Spatial Approach to Defining and Researching Resilience and Sustainability)  (in Croatian)"},"content":{"rendered":"\n<p>Zlatar Gambero\u017ei\u0107, Jelena; Ursi\u0107, Sara; Vuki\u0107, JanaSocio-prostorni pristup definiranju i istra\u017eivanju otpornosti i odr\u017eivosti <em>\/\/ Socijalna ekologija,<\/em> 30 (2021), 3; 369-393 <a href=\"doi:10.17234\/SocEkol.30.3.2\">doi:10.17234\/SocEkol.30.3.2<\/a> <\/p>\n\n\n\n<div data-wp-interactive=\"core\/file\" class=\"wp-block-file\"><object data-wp-bind--hidden=\"!state.hasPdfPreview\" hidden class=\"wp-block-file__embed\" data=\"https:\/\/secrural.ffzg.unizg.hr\/wp-content\/uploads\/2022\/04\/SE_2021_3_Zlatar_Gamberozic_et_al.pdf\" type=\"application\/pdf\" style=\"width:100%;height:600px\" aria-label=\"Embed of Embed of SE_2021_3_Zlatar_Gamberozic_et_al..\"><\/object><a id=\"wp-block-file--media-6b8fb3da-cfb5-4cc5-8087-2df8cc72ca2c\" href=\"https:\/\/secrural.ffzg.unizg.hr\/wp-content\/uploads\/2022\/04\/SE_2021_3_Zlatar_Gamberozic_et_al.pdf\">SE_2021_3_Zlatar_Gamberozic_et_al<\/a><a href=\"https:\/\/secrural.ffzg.unizg.hr\/wp-content\/uploads\/2022\/04\/SE_2021_3_Zlatar_Gamberozic_et_al.pdf\" class=\"wp-block-file__button\" download aria-describedby=\"wp-block-file--media-6b8fb3da-cfb5-4cc5-8087-2df8cc72ca2c\">Download<\/a><\/div>\n","protected":false},"excerpt":{"rendered":"<p>Zlatar Gambero\u017ei\u0107, Jelena; Ursi\u0107, Sara; Vuki\u0107, JanaSocio-prostorni pristup definiranju i istra\u017eivanju otpornosti i odr\u017eivosti \/\/ Socijalna ekologija, 30 (2021), 3; 369-393 doi:10.17234\/SocEkol.30.3.2<\/p>\n","protected":false},"author":2,"featured_media":0,"comment_status":"closed","ping_status":"closed","sticky":false,"template":"","format":"standard","meta":{"footnotes":""},"categories":[6],"tags":[],"class_list":["post-336","post","type-post","status-publish","format-standard","hentry","category-publications"],"_links":{"self":[{"href":"https:\/\/secrural.ffzg.unizg.hr\/index.php\/wp-json\/wp\/v2\/posts\/336","targetHints":{"allow":["GET"]}}],"collection":[{"href":"https:\/\/secrural.ffzg.unizg.hr\/index.php\/wp-json\/wp\/v2\/posts"}],"about":[{"href":"https:\/\/secrural.ffzg.unizg.hr\/index.php\/wp-json\/wp\/v2\/types\/post"}],"author":[{"embeddable":true,"href":"https:\/\/secrural.ffzg.unizg.hr\/index.php\/wp-json\/wp\/v2\/users\/2"}],"replies":[{"embeddable":true,"href":"https:\/\/secrural.ffzg.unizg.hr\/index.php\/wp-json\/wp\/v2\/comments?post=336"}],"version-history":[{"count":1,"href":"https:\/\/secrural.ffzg.unizg.hr\/index.php\/wp-json\/wp\/v2\/posts\/336\/revisions"}],"predecessor-version":[{"id":339,"href":"https:\/\/secrural.ffzg.unizg.hr\/index.php\/wp-json\/wp\/v2\/posts\/336\/revisions\/339"}],"wp:attachment":[{"href":"https:\/\/secrural.ffzg.unizg.hr\/index.php\/wp-json\/wp\/v2\/media?parent=336"}],"wp:term":[{"taxonomy":"category","embeddable":true,"href":"https:\/\/secrural.ffzg.unizg.hr\/index.php\/wp-json\/wp\/v2\/categories?post=336"},{"taxonomy":"post_tag","embeddable":true,"href":"https:\/\/secrural.ffzg.unizg.hr\/index.php\/wp-json\/wp\/v2\/tags?post=336"}],"curies":[{"name":"wp","href":"https:\/\/api.w.org\/{rel}","templated":true}]}}